{"id":1463,"date":"2025-08-07T16:05:22","date_gmt":"2025-08-07T16:05:22","guid":{"rendered":"https:\/\/healthsta.wpenginepowered.com\/?p=1463"},"modified":"2025-08-18T04:02:01","modified_gmt":"2025-08-18T04:02:01","slug":"bouger-dans-un-but-precis-le-pouvoir-du-transport-actif","status":"publish","type":"post","link":"https:\/\/blackandmcdonaldhealth.com\/fr\/bouger-dans-un-but-precis-le-pouvoir-du-transport-actif\/","title":{"rendered":"Bouger dans un but pr\u00e9cis\u00a0: le pouvoir du transport actif"},"content":{"rendered":"\n<p>Et si votre trajet quotidien pouvait servir de s\u00e9ance d\u2019entra\u00eenement? C\u2019est l\u2019id\u00e9e qui sous-tend le&nbsp;<strong>transport actif : <\/strong>un moyen simple et durable de rester en bonne sant\u00e9 tout en se rendant l\u00e0 o\u00f9 l\u2019on a besoin d\u2019aller.<\/p>\n\n\n\n<p>Le transport actif consiste \u00e0 utiliser sa propre \u00e9nergie pour se d\u00e9placer. Il comprend&nbsp;:<\/p>\n\n\n\n<ul class=\"wp-block-list\">\n<li>La marche<\/li>\n\n\n\n<li>Le v\u00e9lo<\/li>\n\n\n\n<li>Le jogging ou la course \u00e0 pied<\/li>\n\n\n\n<li>La planche \u00e0 roulettes ou les patins \u00e0 roues align\u00e9es<\/li>\n\n\n\n<li>L\u2019utilisation d\u2019un fauteuil roulant non motoris\u00e9<\/li>\n\n\n\n<li>M\u00eame les raquettes ou le ski de fond l\u2019hiver!<\/li>\n<\/ul>\n\n\n\n<p>Il ne s\u2019agit pas seulement de faire de l\u2019exercice, mais d\u2019<strong>int\u00e9grer le mouvement dans votre vie quotidienne.<\/strong><\/p>\n\n\n\n<p>Le transport actif vous aide des mani\u00e8res suivantes&nbsp;:<\/p>\n\n\n\n<ul class=\"wp-block-list\">\n<li>Pratiquer une activit\u00e9 physique r\u00e9guli\u00e8re sans avoir besoin d\u2019une salle de sport<\/li>\n\n\n\n<li>Am\u00e9liorer la sant\u00e9 cardiovasculaire et la force musculaire<\/li>\n\n\n\n<li>R\u00e9duire le stress et am\u00e9liorer le bien\u2011\u00eatre mental<\/li>\n\n\n\n<li>Maintenir un poids sain<\/li>\n<\/ul>\n\n\n\n<p>M\u00eame les trajets courts s\u2019additionnent. Se rendre \u00e0 pied ou \u00e0 v\u00e9lo au travail, \u00e0 l\u2019\u00e9cole ou au magasin peut vous aider \u00e0 atteindre vos objectifs d\u2019activit\u00e9 hebdomadaire sans avoir \u00e0 y consacrer du temps suppl\u00e9mentaire dans votre journ\u00e9e.<\/p>\n\n\n\n<p>Le choix d\u2019un transport actif est \u00e9galement b\u00e9n\u00e9fique pour la collectivit\u00e9 et pour l\u2019environnement&nbsp;:<\/p>\n\n\n\n<ul class=\"wp-block-list\">\n<li>R\u00e9duit les embouteillages et la pollution atmosph\u00e9rique<\/li>\n\n\n\n<li>R\u00e9duit les \u00e9missions de gaz \u00e0 effet de serre<\/li>\n\n\n\n<li>\u00c9conomise sur l\u2019essence et le stationnement<\/li>\n\n\n\n<li>Encourage les interactions sociales et les liens avec la communaut\u00e9<\/li>\n<\/ul>\n\n\n\n<p>Les quartiers qui favorisent le transport actif sont con\u00e7us des mani\u00e8res suivantes&nbsp;:<\/p>\n\n\n\n<ul class=\"wp-block-list\">\n<li>Zones \u00e0 usage mixte (r\u00e9sidentiel, commercial, \u00e9ducatif)<\/li>\n\n\n\n<li>Trottoirs et pistes cyclables s\u00fbrs et reli\u00e9s entre eux<\/li>\n\n\n\n<li>Acc\u00e8s facile aux \u00e9coles, aux parcs et aux commerces<\/li>\n<\/ul>\n\n\n\n<p>Si vous envisagez de d\u00e9m\u00e9nager, v\u00e9rifiez si le quartier est accessible \u00e0 pied ou \u00e0 v\u00e9lo. Pouvez-vous faire vos courses sans voiture? Y a-t-il un itin\u00e9raire s\u00fbr pour se rendre \u00e0 l\u2019\u00e9cole ou au travail?<\/p>\n\n\n\n<p><strong>Conseils pour commencer<\/strong><strong><\/strong><\/p>\n\n\n\n<ul class=\"wp-block-list\">\n<li>Faire les petites courses \u00e0 pied ou \u00e0 v\u00e9lo plut\u00f4t qu\u2019en voiture<\/li>\n\n\n\n<li>Porter un sac \u00e0 dos et des chaussures confortables pour les d\u00e9placements<\/li>\n\n\n\n<li>Encourager les enfants \u00e0 se rendre \u00e0 l\u2019\u00e9cole \u00e0 pied ou \u00e0 v\u00e9lo<\/li>\n\n\n\n<li>Explorer les sentiers locaux la fin de semaine<\/li>\n\n\n\n<li>Plaider en faveur de rues plus s\u00fbres et d\u2019une meilleure infrastructure dans votre collectivit\u00e9<\/li>\n<\/ul>\n\n\n\n<p><strong>Le transport actif est une solution gagnante \u2011 pour votre sant\u00e9, pour votre portefeuille et pour le monde qui vous entoure.<\/strong>&nbsp;Alors, d\u00e9poussi\u00e9rez votre v\u00e9lo, lacez vos chaussures et commencez \u00e0 bouger avec d\u00e9termination.<\/p>\n\n\n\n<p>Ressources&nbsp;:<\/p>\n\n\n\n<p><a href=\"https:\/\/www.canada.ca\/fr\/sante-publique\/services\/etre-actif\/transport-actif.html\">Le transport actif \u2013 Canada.ca<\/a><\/p>\n","protected":false},"excerpt":{"rendered":"<p>Et si votre trajet quotidien pouvait servir de s\u00e9ance d\u2019entra\u00eenement? C\u2019est l\u2019id\u00e9e qui sous-tend le&nbsp;transport actif : un moyen simple [&hellip;]<\/p>\n","protected":false},"author":4,"featured_media":1380,"comment_status":"closed","ping_status":"closed","sticky":false,"template":"","format":"standard","meta":{"site-sidebar-layout":"default","site-content-layout":"","ast-site-content-layout":"","site-content-style":"default","site-sidebar-style":"default","ast-global-header-display":"","ast-banner-title-visibility":"","ast-main-header-display":"","ast-hfb-above-header-display":"","ast-hfb-below-header-display":"","ast-hfb-mobile-header-display":"","site-post-title":"","ast-breadcrumbs-content":"","ast-featured-img":"","footer-sml-layout":"","theme-transparent-header-meta":"","adv-header-id-meta":"","stick-header-meta":"","header-above-stick-meta":"","header-main-stick-meta":"","header-below-stick-meta":"","astra-migrate-meta-layouts":"default","ast-page-background-enabled":"default","ast-page-background-meta":{"desktop":{"background-color":"var(--ast-global-color-4)","background-image":"","background-repeat":"repeat","background-position":"center center","background-size":"auto","background-attachment":"scroll","background-type":"","background-media":"","overlay-type":"","overlay-color":"","overlay-opacity":"","overlay-gradient":""},"tablet":{"background-color":"","background-image":"","background-repeat":"repeat","background-position":"center center","background-size":"auto","background-attachment":"scroll","background-type":"","background-media":"","overlay-type":"","overlay-color":"","overlay-opacity":"","overlay-gradient":""},"mobile":{"background-color":"","background-image":"","background-repeat":"repeat","background-position":"center center","background-size":"auto","background-attachment":"scroll","background-type":"","background-media":"","overlay-type":"","overlay-color":"","overlay-opacity":"","overlay-gradient":""}},"ast-content-background-meta":{"desktop":{"background-color":"var(--ast-global-color-5)","background-image":"","background-repeat":"repeat","background-position":"center center","background-size":"auto","background-attachment":"scroll","background-type":"","background-media":"","overlay-type":"","overlay-color":"","overlay-opacity":"","overlay-gradient":""},"tablet":{"background-color":"var(--ast-global-color-5)","background-image":"","background-repeat":"repeat","background-position":"center center","background-size":"auto","background-attachment":"scroll","background-type":"","background-media":"","overlay-type":"","overlay-color":"","overlay-opacity":"","overlay-gradient":""},"mobile":{"background-color":"var(--ast-global-color-5)","background-image":"","background-repeat":"repeat","background-position":"center center","background-size":"auto","background-attachment":"scroll","background-type":"","background-media":"","overlay-type":"","overlay-color":"","overlay-opacity":"","overlay-gradient":""}},"footnotes":""},"categories":[35],"tags":[],"class_list":["post-1463","post","type-post","status-publish","format-standard","has-post-thumbnail","hentry","category-sante-physique"],"yoast_head":"<!-- This site is optimized with the Yoast SEO plugin v27.3 - https:\/\/yoast.com\/product\/yoast-seo-wordpress\/ -->\n<title>Bouger dans un but pr\u00e9cis : le pouvoir du transport actif | Black &amp; McDonald Health<\/title>\n<meta name=\"description\" content=\"Et si votre trajet quotidien pouvait servir de s\u00e9ance d\u2019entra\u00eenement? C\u2019est l\u2019id\u00e9e qui sous-tend le\u00a0transport actif : un moyen simple et durable de rester en bonne sant\u00e9 tout en se rendant l\u00e0 o\u00f9 l\u2019on a besoin d\u2019aller.\" \/>\n<meta name=\"robots\" content=\"index, follow, max-snippet:-1, max-image-preview:large, max-video-preview:-1\" \/>\n<link rel=\"canonical\" href=\"https:\/\/blackandmcdonaldhealth.com\/fr\/bouger-dans-un-but-precis-le-pouvoir-du-transport-actif\/\" \/>\n<meta property=\"og:locale\" content=\"fr_FR\" \/>\n<meta property=\"og:type\" content=\"article\" \/>\n<meta property=\"og:title\" content=\"Bouger dans un but pr\u00e9cis : le pouvoir du transport actif | Black &amp; McDonald Health\" \/>\n<meta property=\"og:description\" content=\"Et si votre trajet quotidien pouvait servir de s\u00e9ance d\u2019entra\u00eenement? C\u2019est l\u2019id\u00e9e qui sous-tend le\u00a0transport actif : un moyen simple et durable de rester en bonne sant\u00e9 tout en se rendant l\u00e0 o\u00f9 l\u2019on a besoin d\u2019aller.\" \/>\n<meta property=\"og:url\" content=\"https:\/\/blackandmcdonaldhealth.com\/fr\/bouger-dans-un-but-precis-le-pouvoir-du-transport-actif\/\" \/>\n<meta property=\"og:site_name\" content=\"Black &amp; McDonald Health\" \/>\n<meta property=\"article:published_time\" content=\"2025-08-07T16:05:22+00:00\" \/>\n<meta property=\"article:modified_time\" content=\"2025-08-18T04:02:01+00:00\" \/>\n<meta property=\"og:image\" content=\"https:\/\/blackandmcdonaldhealth.com\/wp-content\/uploads\/2025\/08\/pexels-photo-3601094-3601094.jpg\" \/>\n\t<meta property=\"og:image:width\" content=\"940\" \/>\n\t<meta property=\"og:image:height\" content=\"627\" \/>\n\t<meta property=\"og:image:type\" content=\"image\/jpeg\" \/>\n<meta name=\"author\" content=\"Black and McDonald Health\" \/>\n<meta name=\"twitter:card\" content=\"summary_large_image\" \/>\n<meta name=\"twitter:label1\" content=\"Written by\" \/>\n\t<meta name=\"twitter:data1\" content=\"Black and McDonald Health\" \/>\n\t<meta name=\"twitter:label2\" content=\"Est. reading time\" \/>\n\t<meta name=\"twitter:data2\" content=\"2 minutes\" \/>\n<script type=\"application\/ld+json\" class=\"yoast-schema-graph\">{\"@context\":\"https:\\\/\\\/schema.org\",\"@graph\":[{\"@type\":\"Article\",\"@id\":\"https:\\\/\\\/blackandmcdonaldhealth.com\\\/fr\\\/bouger-dans-un-but-precis-le-pouvoir-du-transport-actif\\\/#article\",\"isPartOf\":{\"@id\":\"https:\\\/\\\/blackandmcdonaldhealth.com\\\/fr\\\/bouger-dans-un-but-precis-le-pouvoir-du-transport-actif\\\/\"},\"author\":{\"name\":\"Black and McDonald Health\",\"@id\":\"https:\\\/\\\/blackandmcdonaldhealth.com\\\/#\\\/schema\\\/person\\\/013bd7c48d3ff92abef4bdda7f294d9d\"},\"headline\":\"Bouger dans un but pr\u00e9cis\u00a0: le pouvoir du transport actif\",\"datePublished\":\"2025-08-07T16:05:22+00:00\",\"dateModified\":\"2025-08-18T04:02:01+00:00\",\"mainEntityOfPage\":{\"@id\":\"https:\\\/\\\/blackandmcdonaldhealth.com\\\/fr\\\/bouger-dans-un-but-precis-le-pouvoir-du-transport-actif\\\/\"},\"wordCount\":465,\"publisher\":{\"@id\":\"https:\\\/\\\/blackandmcdonaldhealth.com\\\/#organization\"},\"image\":{\"@id\":\"https:\\\/\\\/blackandmcdonaldhealth.com\\\/fr\\\/bouger-dans-un-but-precis-le-pouvoir-du-transport-actif\\\/#primaryimage\"},\"thumbnailUrl\":\"https:\\\/\\\/blackandmcdonaldhealth.com\\\/wp-content\\\/uploads\\\/2025\\\/08\\\/pexels-photo-3601094-3601094.jpg\",\"articleSection\":[\"Sant\u00e9 physique\"],\"inLanguage\":\"fr-FR\"},{\"@type\":\"WebPage\",\"@id\":\"https:\\\/\\\/blackandmcdonaldhealth.com\\\/fr\\\/bouger-dans-un-but-precis-le-pouvoir-du-transport-actif\\\/\",\"url\":\"https:\\\/\\\/blackandmcdonaldhealth.com\\\/fr\\\/bouger-dans-un-but-precis-le-pouvoir-du-transport-actif\\\/\",\"name\":\"Bouger dans un but pr\u00e9cis : le pouvoir du transport actif | Black & McDonald Health\",\"isPartOf\":{\"@id\":\"https:\\\/\\\/blackandmcdonaldhealth.com\\\/#website\"},\"primaryImageOfPage\":{\"@id\":\"https:\\\/\\\/blackandmcdonaldhealth.com\\\/fr\\\/bouger-dans-un-but-precis-le-pouvoir-du-transport-actif\\\/#primaryimage\"},\"image\":{\"@id\":\"https:\\\/\\\/blackandmcdonaldhealth.com\\\/fr\\\/bouger-dans-un-but-precis-le-pouvoir-du-transport-actif\\\/#primaryimage\"},\"thumbnailUrl\":\"https:\\\/\\\/blackandmcdonaldhealth.com\\\/wp-content\\\/uploads\\\/2025\\\/08\\\/pexels-photo-3601094-3601094.jpg\",\"datePublished\":\"2025-08-07T16:05:22+00:00\",\"dateModified\":\"2025-08-18T04:02:01+00:00\",\"description\":\"Et si votre trajet quotidien pouvait servir de s\u00e9ance d\u2019entra\u00eenement? C\u2019est l\u2019id\u00e9e qui sous-tend le\u00a0transport actif : un moyen simple et durable de rester en bonne sant\u00e9 tout en se rendant l\u00e0 o\u00f9 l\u2019on a besoin d\u2019aller.\",\"breadcrumb\":{\"@id\":\"https:\\\/\\\/blackandmcdonaldhealth.com\\\/fr\\\/bouger-dans-un-but-precis-le-pouvoir-du-transport-actif\\\/#breadcrumb\"},\"inLanguage\":\"fr-FR\",\"potentialAction\":[{\"@type\":\"ReadAction\",\"target\":[\"https:\\\/\\\/blackandmcdonaldhealth.com\\\/fr\\\/bouger-dans-un-but-precis-le-pouvoir-du-transport-actif\\\/\"]}]},{\"@type\":\"ImageObject\",\"inLanguage\":\"fr-FR\",\"@id\":\"https:\\\/\\\/blackandmcdonaldhealth.com\\\/fr\\\/bouger-dans-un-but-precis-le-pouvoir-du-transport-actif\\\/#primaryimage\",\"url\":\"https:\\\/\\\/blackandmcdonaldhealth.com\\\/wp-content\\\/uploads\\\/2025\\\/08\\\/pexels-photo-3601094-3601094.jpg\",\"contentUrl\":\"https:\\\/\\\/blackandmcdonaldhealth.com\\\/wp-content\\\/uploads\\\/2025\\\/08\\\/pexels-photo-3601094-3601094.jpg\",\"width\":940,\"height\":627},{\"@type\":\"BreadcrumbList\",\"@id\":\"https:\\\/\\\/blackandmcdonaldhealth.com\\\/fr\\\/bouger-dans-un-but-precis-le-pouvoir-du-transport-actif\\\/#breadcrumb\",\"itemListElement\":[{\"@type\":\"ListItem\",\"position\":1,\"name\":\"Home\",\"item\":\"https:\\\/\\\/blackandmcdonaldhealth.com\\\/fr\\\/\"},{\"@type\":\"ListItem\",\"position\":2,\"name\":\"Bouger dans un but pr\u00e9cis\u00a0: le pouvoir du transport actif\"}]},{\"@type\":\"WebSite\",\"@id\":\"https:\\\/\\\/blackandmcdonaldhealth.com\\\/#website\",\"url\":\"https:\\\/\\\/blackandmcdonaldhealth.com\\\/\",\"name\":\"Black &amp; McDonald Health\",\"description\":\"Black &amp; McDonald Wellness Hub\",\"publisher\":{\"@id\":\"https:\\\/\\\/blackandmcdonaldhealth.com\\\/#organization\"},\"potentialAction\":[{\"@type\":\"SearchAction\",\"target\":{\"@type\":\"EntryPoint\",\"urlTemplate\":\"https:\\\/\\\/blackandmcdonaldhealth.com\\\/?s={search_term_string}\"},\"query-input\":{\"@type\":\"PropertyValueSpecification\",\"valueRequired\":true,\"valueName\":\"search_term_string\"}}],\"inLanguage\":\"fr-FR\"},{\"@type\":\"Organization\",\"@id\":\"https:\\\/\\\/blackandmcdonaldhealth.com\\\/#organization\",\"name\":\"Black &amp; McDonald Health\",\"url\":\"https:\\\/\\\/blackandmcdonaldhealth.com\\\/\",\"logo\":{\"@type\":\"ImageObject\",\"inLanguage\":\"fr-FR\",\"@id\":\"https:\\\/\\\/blackandmcdonaldhealth.com\\\/#\\\/schema\\\/logo\\\/image\\\/\",\"url\":\"https:\\\/\\\/blackandmcdonaldhealth.com\\\/wp-content\\\/uploads\\\/2025\\\/05\\\/cropped-BlackandMcDonald_320x172_101dpi-1-1.jpg\",\"contentUrl\":\"https:\\\/\\\/blackandmcdonaldhealth.com\\\/wp-content\\\/uploads\\\/2025\\\/05\\\/cropped-BlackandMcDonald_320x172_101dpi-1-1.jpg\",\"width\":320,\"height\":171,\"caption\":\"Black &amp; McDonald Health\"},\"image\":{\"@id\":\"https:\\\/\\\/blackandmcdonaldhealth.com\\\/#\\\/schema\\\/logo\\\/image\\\/\"}},{\"@type\":\"Person\",\"@id\":\"https:\\\/\\\/blackandmcdonaldhealth.com\\\/#\\\/schema\\\/person\\\/013bd7c48d3ff92abef4bdda7f294d9d\",\"name\":\"Black and McDonald Health\",\"image\":{\"@type\":\"ImageObject\",\"inLanguage\":\"fr-FR\",\"@id\":\"https:\\\/\\\/secure.gravatar.com\\\/avatar\\\/d4f888cb7b338ca08c78b984fb7bea9803279b7ed4d526e5fd01d5d2aaa49e1f?s=96&d=mm&r=g\",\"url\":\"https:\\\/\\\/secure.gravatar.com\\\/avatar\\\/d4f888cb7b338ca08c78b984fb7bea9803279b7ed4d526e5fd01d5d2aaa49e1f?s=96&d=mm&r=g\",\"contentUrl\":\"https:\\\/\\\/secure.gravatar.com\\\/avatar\\\/d4f888cb7b338ca08c78b984fb7bea9803279b7ed4d526e5fd01d5d2aaa49e1f?s=96&d=mm&r=g\",\"caption\":\"Black and McDonald Health\"},\"url\":\"https:\\\/\\\/blackandmcdonaldhealth.com\\\/fr\\\/author\\\/black-and-mcdonald-health\\\/\"}]}<\/script>\n<!-- \/ Yoast SEO plugin. -->","yoast_head_json":{"title":"Bouger dans un but pr\u00e9cis : le pouvoir du transport actif | Black & McDonald Health","description":"Et si votre trajet quotidien pouvait servir de s\u00e9ance d\u2019entra\u00eenement? C\u2019est l\u2019id\u00e9e qui sous-tend le\u00a0transport actif : un moyen simple et durable de rester en bonne sant\u00e9 tout en se rendant l\u00e0 o\u00f9 l\u2019on a besoin d\u2019aller.","robots":{"index":"index","follow":"follow","max-snippet":"max-snippet:-1","max-image-preview":"max-image-preview:large","max-video-preview":"max-video-preview:-1"},"canonical":"https:\/\/blackandmcdonaldhealth.com\/fr\/bouger-dans-un-but-precis-le-pouvoir-du-transport-actif\/","og_locale":"fr_FR","og_type":"article","og_title":"Bouger dans un but pr\u00e9cis : le pouvoir du transport actif | Black & McDonald Health","og_description":"Et si votre trajet quotidien pouvait servir de s\u00e9ance d\u2019entra\u00eenement? C\u2019est l\u2019id\u00e9e qui sous-tend le\u00a0transport actif : un moyen simple et durable de rester en bonne sant\u00e9 tout en se rendant l\u00e0 o\u00f9 l\u2019on a besoin d\u2019aller.","og_url":"https:\/\/blackandmcdonaldhealth.com\/fr\/bouger-dans-un-but-precis-le-pouvoir-du-transport-actif\/","og_site_name":"Black &amp; McDonald Health","article_published_time":"2025-08-07T16:05:22+00:00","article_modified_time":"2025-08-18T04:02:01+00:00","og_image":[{"width":940,"height":627,"url":"https:\/\/blackandmcdonaldhealth.com\/wp-content\/uploads\/2025\/08\/pexels-photo-3601094-3601094.jpg","type":"image\/jpeg"}],"author":"Black and McDonald Health","twitter_card":"summary_large_image","twitter_misc":{"Written by":"Black and McDonald Health","Est. reading time":"2 minutes"},"schema":{"@context":"https:\/\/schema.org","@graph":[{"@type":"Article","@id":"https:\/\/blackandmcdonaldhealth.com\/fr\/bouger-dans-un-but-precis-le-pouvoir-du-transport-actif\/#article","isPartOf":{"@id":"https:\/\/blackandmcdonaldhealth.com\/fr\/bouger-dans-un-but-precis-le-pouvoir-du-transport-actif\/"},"author":{"name":"Black and McDonald Health","@id":"https:\/\/blackandmcdonaldhealth.com\/#\/schema\/person\/013bd7c48d3ff92abef4bdda7f294d9d"},"headline":"Bouger dans un but pr\u00e9cis\u00a0: le pouvoir du transport actif","datePublished":"2025-08-07T16:05:22+00:00","dateModified":"2025-08-18T04:02:01+00:00","mainEntityOfPage":{"@id":"https:\/\/blackandmcdonaldhealth.com\/fr\/bouger-dans-un-but-precis-le-pouvoir-du-transport-actif\/"},"wordCount":465,"publisher":{"@id":"https:\/\/blackandmcdonaldhealth.com\/#organization"},"image":{"@id":"https:\/\/blackandmcdonaldhealth.com\/fr\/bouger-dans-un-but-precis-le-pouvoir-du-transport-actif\/#primaryimage"},"thumbnailUrl":"https:\/\/blackandmcdonaldhealth.com\/wp-content\/uploads\/2025\/08\/pexels-photo-3601094-3601094.jpg","articleSection":["Sant\u00e9 physique"],"inLanguage":"fr-FR"},{"@type":"WebPage","@id":"https:\/\/blackandmcdonaldhealth.com\/fr\/bouger-dans-un-but-precis-le-pouvoir-du-transport-actif\/","url":"https:\/\/blackandmcdonaldhealth.com\/fr\/bouger-dans-un-but-precis-le-pouvoir-du-transport-actif\/","name":"Bouger dans un but pr\u00e9cis : le pouvoir du transport actif | Black & McDonald Health","isPartOf":{"@id":"https:\/\/blackandmcdonaldhealth.com\/#website"},"primaryImageOfPage":{"@id":"https:\/\/blackandmcdonaldhealth.com\/fr\/bouger-dans-un-but-precis-le-pouvoir-du-transport-actif\/#primaryimage"},"image":{"@id":"https:\/\/blackandmcdonaldhealth.com\/fr\/bouger-dans-un-but-precis-le-pouvoir-du-transport-actif\/#primaryimage"},"thumbnailUrl":"https:\/\/blackandmcdonaldhealth.com\/wp-content\/uploads\/2025\/08\/pexels-photo-3601094-3601094.jpg","datePublished":"2025-08-07T16:05:22+00:00","dateModified":"2025-08-18T04:02:01+00:00","description":"Et si votre trajet quotidien pouvait servir de s\u00e9ance d\u2019entra\u00eenement? C\u2019est l\u2019id\u00e9e qui sous-tend le\u00a0transport actif : un moyen simple et durable de rester en bonne sant\u00e9 tout en se rendant l\u00e0 o\u00f9 l\u2019on a besoin d\u2019aller.","breadcrumb":{"@id":"https:\/\/blackandmcdonaldhealth.com\/fr\/bouger-dans-un-but-precis-le-pouvoir-du-transport-actif\/#breadcrumb"},"inLanguage":"fr-FR","potentialAction":[{"@type":"ReadAction","target":["https:\/\/blackandmcdonaldhealth.com\/fr\/bouger-dans-un-but-precis-le-pouvoir-du-transport-actif\/"]}]},{"@type":"ImageObject","inLanguage":"fr-FR","@id":"https:\/\/blackandmcdonaldhealth.com\/fr\/bouger-dans-un-but-precis-le-pouvoir-du-transport-actif\/#primaryimage","url":"https:\/\/blackandmcdonaldhealth.com\/wp-content\/uploads\/2025\/08\/pexels-photo-3601094-3601094.jpg","contentUrl":"https:\/\/blackandmcdonaldhealth.com\/wp-content\/uploads\/2025\/08\/pexels-photo-3601094-3601094.jpg","width":940,"height":627},{"@type":"BreadcrumbList","@id":"https:\/\/blackandmcdonaldhealth.com\/fr\/bouger-dans-un-but-precis-le-pouvoir-du-transport-actif\/#breadcrumb","itemListElement":[{"@type":"ListItem","position":1,"name":"Home","item":"https:\/\/blackandmcdonaldhealth.com\/fr\/"},{"@type":"ListItem","position":2,"name":"Bouger dans un but pr\u00e9cis\u00a0: le pouvoir du transport actif"}]},{"@type":"WebSite","@id":"https:\/\/blackandmcdonaldhealth.com\/#website","url":"https:\/\/blackandmcdonaldhealth.com\/","name":"Black &amp; McDonald Health","description":"Black &amp; McDonald Wellness Hub","publisher":{"@id":"https:\/\/blackandmcdonaldhealth.com\/#organization"},"potentialAction":[{"@type":"SearchAction","target":{"@type":"EntryPoint","urlTemplate":"https:\/\/blackandmcdonaldhealth.com\/?s={search_term_string}"},"query-input":{"@type":"PropertyValueSpecification","valueRequired":true,"valueName":"search_term_string"}}],"inLanguage":"fr-FR"},{"@type":"Organization","@id":"https:\/\/blackandmcdonaldhealth.com\/#organization","name":"Black &amp; McDonald Health","url":"https:\/\/blackandmcdonaldhealth.com\/","logo":{"@type":"ImageObject","inLanguage":"fr-FR","@id":"https:\/\/blackandmcdonaldhealth.com\/#\/schema\/logo\/image\/","url":"https:\/\/blackandmcdonaldhealth.com\/wp-content\/uploads\/2025\/05\/cropped-BlackandMcDonald_320x172_101dpi-1-1.jpg","contentUrl":"https:\/\/blackandmcdonaldhealth.com\/wp-content\/uploads\/2025\/05\/cropped-BlackandMcDonald_320x172_101dpi-1-1.jpg","width":320,"height":171,"caption":"Black &amp; McDonald Health"},"image":{"@id":"https:\/\/blackandmcdonaldhealth.com\/#\/schema\/logo\/image\/"}},{"@type":"Person","@id":"https:\/\/blackandmcdonaldhealth.com\/#\/schema\/person\/013bd7c48d3ff92abef4bdda7f294d9d","name":"Black and McDonald Health","image":{"@type":"ImageObject","inLanguage":"fr-FR","@id":"https:\/\/secure.gravatar.com\/avatar\/d4f888cb7b338ca08c78b984fb7bea9803279b7ed4d526e5fd01d5d2aaa49e1f?s=96&d=mm&r=g","url":"https:\/\/secure.gravatar.com\/avatar\/d4f888cb7b338ca08c78b984fb7bea9803279b7ed4d526e5fd01d5d2aaa49e1f?s=96&d=mm&r=g","contentUrl":"https:\/\/secure.gravatar.com\/avatar\/d4f888cb7b338ca08c78b984fb7bea9803279b7ed4d526e5fd01d5d2aaa49e1f?s=96&d=mm&r=g","caption":"Black and McDonald Health"},"url":"https:\/\/blackandmcdonaldhealth.com\/fr\/author\/black-and-mcdonald-health\/"}]}},"featured_image_src":"https:\/\/blackandmcdonaldhealth.com\/wp-content\/uploads\/2025\/08\/pexels-photo-3601094-3601094-600x400.jpg","featured_image_src_square":"https:\/\/blackandmcdonaldhealth.com\/wp-content\/uploads\/2025\/08\/pexels-photo-3601094-3601094-600x600.jpg","author_info":{"display_name":"Black and McDonald Health","author_link":"https:\/\/blackandmcdonaldhealth.com\/fr\/author\/black-and-mcdonald-health\/"},"_links":{"self":[{"href":"https:\/\/blackandmcdonaldhealth.com\/fr\/wp-json\/wp\/v2\/posts\/1463","targetHints":{"allow":["GET"]}}],"collection":[{"href":"https:\/\/blackandmcdonaldhealth.com\/fr\/wp-json\/wp\/v2\/posts"}],"about":[{"href":"https:\/\/blackandmcdonaldhealth.com\/fr\/wp-json\/wp\/v2\/types\/post"}],"author":[{"embeddable":true,"href":"https:\/\/blackandmcdonaldhealth.com\/fr\/wp-json\/wp\/v2\/users\/4"}],"replies":[{"embeddable":true,"href":"https:\/\/blackandmcdonaldhealth.com\/fr\/wp-json\/wp\/v2\/comments?post=1463"}],"version-history":[{"count":0,"href":"https:\/\/blackandmcdonaldhealth.com\/fr\/wp-json\/wp\/v2\/posts\/1463\/revisions"}],"wp:featuredmedia":[{"embeddable":true,"href":"https:\/\/blackandmcdonaldhealth.com\/fr\/wp-json\/wp\/v2\/media\/1380"}],"wp:attachment":[{"href":"https:\/\/blackandmcdonaldhealth.com\/fr\/wp-json\/wp\/v2\/media?parent=1463"}],"wp:term":[{"taxonomy":"category","embeddable":true,"href":"https:\/\/blackandmcdonaldhealth.com\/fr\/wp-json\/wp\/v2\/categories?post=1463"},{"taxonomy":"post_tag","embeddable":true,"href":"https:\/\/blackandmcdonaldhealth.com\/fr\/wp-json\/wp\/v2\/tags?post=1463"}],"curies":[{"name":"wp","href":"https:\/\/api.w.org\/{rel}","templated":true}]}}