{"id":1464,"date":"2025-08-07T16:02:20","date_gmt":"2025-08-07T16:02:20","guid":{"rendered":"https:\/\/healthsta.wpenginepowered.com\/?p=1464"},"modified":"2025-08-18T04:02:24","modified_gmt":"2025-08-18T04:02:24","slug":"ecoutez-bien-proteger-son-audition-cest-aussi-rester-en-bonne-sante","status":"publish","type":"post","link":"https:\/\/blackandmcdonaldhealth.com\/fr\/ecoutez-bien-proteger-son-audition-cest-aussi-rester-en-bonne-sante\/","title":{"rendered":"\u00c9coutez bien\u00a0: prot\u00e9ger son audition, c\u2019est aussi rester en bonne sant\u00e9"},"content":{"rendered":"\n<p>Lorsque nous pensons \u00e0 la sant\u00e9 physique, nous nous concentrons souvent sur l\u2019exercice, sur la nutrition et sur le sommeil. Mais il existe un autre \u00e9l\u00e9ment important \u2013 et souvent n\u00e9glig\u00e9 \u2013 de notre bien-\u00eatre&nbsp;:&nbsp;<strong>l\u2019audition.<\/strong><\/p>\n\n\n\n<p>Le bruit est plus qu\u2019une simple g\u00eane. L&rsquo;exposition prolong\u00e9e ou r\u00e9p\u00e9t\u00e9e \u00e0 des sons forts peut entra\u00eener une&nbsp;<strong>perte auditive permanente<\/strong>&nbsp;et des&nbsp;<strong>acouph\u00e8nes<\/strong>&nbsp;(bourdonnements d\u2019oreille). Ces conditions peuvent nuire \u00e0 votre capacit\u00e9 \u00e0 communiquer, \u00e0 vous concentrer et m\u00eame \u00e0 votre sant\u00e9 mentale.<\/p>\n\n\n\n<p>Il n\u2019est toutefois pas n\u00e9cessaire de vivre dans le silence pour prot\u00e9ger ses oreilles. Voici quelques moyens simples et efficaces de r\u00e9duire les risques&nbsp;:<\/p>\n\n\n\n<ul class=\"wp-block-list\">\n<li><strong>Baissez le volume\u00a0:<\/strong> Maintenez le volume \u00e0 60\u00a0% ou moins lorsque vous utilisez un casque ou des \u00e9couteurs.<\/li>\n\n\n\n<li><strong>Faites des pauses<\/strong>\u00a0<strong>:<\/strong> Tenez-vous loin des environnements bruyants tels que les concerts, les \u00e9v\u00e9nements sportifs ou les zones de construction.<\/li>\n\n\n\n<li><strong>Utilisez des protections\u00a0:<\/strong> Portez des bouchons d\u2019oreille ou des casques antibruit lorsque vous utilisez des outils \u00e9lectriques, assistez \u00e0 des \u00e9v\u00e9nements bruyants ou conduisez des motos ou des motoneiges.<\/li>\n\n\n\n<li><strong>V\u00e9rifiez votre environnement\u00a0:<\/strong> Si vous devez \u00e9lever la voix pour vous faire entendre, le niveau sonore est probablement trop \u00e9lev\u00e9.<\/li>\n\n\n\n<li><strong>Limitez l\u2019exposition\u00a0:<\/strong> Pr\u00e9voyez des moments de calme apr\u00e8s des activit\u00e9s bruyantes afin de permettre \u00e0 vos oreilles de r\u00e9cup\u00e9rer.<\/li>\n<\/ul>\n\n\n\n<p>Que vous jouiez \u00e0 un jeu vid\u00e9o, \u00e0 un instrument de musique ou que vous fassiez des travaux de r\u00e9novation, vos oreilles sont en danger. Ajustez vos param\u00e8tres audio, portez une protection auditive et faites des pauses r\u00e9guli\u00e8res pour r\u00e9duire la fatigue.<\/p>\n\n\n\n<p>Les oreilles des enfants sont particuli\u00e8rement sensibles. Encouragez tr\u00e8s t\u00f4t des habitudes d\u2019\u00e9coute s\u00fbres&nbsp;:<\/p>\n\n\n\n<ul class=\"wp-block-list\">\n<li>Limiter le volume du casque<\/li>\n\n\n\n<li>Utiliser un casque anti\u2011bruit pour \u00e9viter d\u2019augmenter le volume<\/li>\n\n\n\n<li>Apprendre aux enfants \u00e0 porter des protections auditives lors d\u2019activit\u00e9s bruyantes<\/li>\n<\/ul>\n\n\n\n<p>La sant\u00e9 auditive est \u00e9troitement li\u00e9e \u00e0 votre bien\u2011\u00eatre g\u00e9n\u00e9ral. Prot\u00e9ger vos oreilles vous permet de rester connect\u00e9, alerte et engag\u00e9 dans le monde qui vous entoure.<\/p>\n\n\n\n<p><strong>Vos oreilles travaillent dur pour vous, prenez-en soin.<\/strong>&nbsp;Quelques petits changements aujourd\u2019hui peuvent faire une grande diff\u00e9rence dans votre audition demain.<\/p>\n\n\n\n<p>Pour en savoir plus sur le bruit et le son, visitez&nbsp;: <a href=\"https:\/\/www.canada.ca\/fr\/sante-canada\/services\/bruit-votre-sante\/protegez-votre-sante-auditive.html\">Bruit et son&nbsp;: Prot\u00e9gez votre sant\u00e9 auditive \u2013 Canada.ca<\/a><\/p>\n","protected":false},"excerpt":{"rendered":"<p>Lorsque nous pensons \u00e0 la sant\u00e9 physique, nous nous concentrons souvent sur l\u2019exercice, sur la nutrition et sur le sommeil. [&hellip;]<\/p>\n","protected":false},"author":4,"featured_media":1378,"comment_status":"closed","ping_status":"closed","sticky":false,"template":"","format":"standard","meta":{"site-sidebar-layout":"default","site-content-layout":"","ast-site-content-layout":"","site-content-style":"default","site-sidebar-style":"default","ast-global-header-display":"","ast-banner-title-visibility":"","ast-main-header-display":"","ast-hfb-above-header-display":"","ast-hfb-below-header-display":"","ast-hfb-mobile-header-display":"","site-post-title":"","ast-breadcrumbs-content":"","ast-featured-img":"","footer-sml-layout":"","theme-transparent-header-meta":"","adv-header-id-meta":"","stick-header-meta":"","header-above-stick-meta":"","header-main-stick-meta":"","header-below-stick-meta":"","astra-migrate-meta-layouts":"default","ast-page-background-enabled":"default","ast-page-background-meta":{"desktop":{"background-color":"var(--ast-global-color-4)","background-image":"","background-repeat":"repeat","background-position":"center center","background-size":"auto","background-attachment":"scroll","background-type":"","background-media":"","overlay-type":"","overlay-color":"","overlay-opacity":"","overlay-gradient":""},"tablet":{"background-color":"","background-image":"","background-repeat":"repeat","background-position":"center center","background-size":"auto","background-attachment":"scroll","background-type":"","background-media":"","overlay-type":"","overlay-color":"","overlay-opacity":"","overlay-gradient":""},"mobile":{"background-color":"","background-image":"","background-repeat":"repeat","background-position":"center center","background-size":"auto","background-attachment":"scroll","background-type":"","background-media":"","overlay-type":"","overlay-color":"","overlay-opacity":"","overlay-gradient":""}},"ast-content-background-meta":{"desktop":{"background-color":"var(--ast-global-color-5)","background-image":"","background-repeat":"repeat","background-position":"center center","background-size":"auto","background-attachment":"scroll","background-type":"","background-media":"","overlay-type":"","overlay-color":"","overlay-opacity":"","overlay-gradient":""},"tablet":{"background-color":"var(--ast-global-color-5)","background-image":"","background-repeat":"repeat","background-position":"center center","background-size":"auto","background-attachment":"scroll","background-type":"","background-media":"","overlay-type":"","overlay-color":"","overlay-opacity":"","overlay-gradient":""},"mobile":{"background-color":"var(--ast-global-color-5)","background-image":"","background-repeat":"repeat","background-position":"center center","background-size":"auto","background-attachment":"scroll","background-type":"","background-media":"","overlay-type":"","overlay-color":"","overlay-opacity":"","overlay-gradient":""}},"footnotes":""},"categories":[35],"tags":[],"class_list":["post-1464","post","type-post","status-publish","format-standard","has-post-thumbnail","hentry","category-sante-physique"],"yoast_head":"<!-- This site is optimized with the Yoast SEO plugin v27.3 - https:\/\/yoast.com\/product\/yoast-seo-wordpress\/ -->\n<title>\u00c9coutez bien : prot\u00e9ger son audition, c\u2019est aussi rester en bonne sant\u00e9 | Black &amp; McDonald Health<\/title>\n<meta name=\"description\" content=\"Lorsque nous pensons \u00e0 la sant\u00e9 physique, nous nous concentrons souvent sur l\u2019exercice, sur la nutrition et sur le sommeil. Mais il existe un autre \u00e9l\u00e9ment important \u2013 et souvent n\u00e9glig\u00e9 \u2013 de notre bien-\u00eatre\u00a0:\u00a0l\u2019audition.\" \/>\n<meta name=\"robots\" content=\"index, follow, max-snippet:-1, max-image-preview:large, max-video-preview:-1\" \/>\n<link rel=\"canonical\" href=\"https:\/\/blackandmcdonaldhealth.com\/fr\/ecoutez-bien-proteger-son-audition-cest-aussi-rester-en-bonne-sante\/\" \/>\n<meta property=\"og:locale\" content=\"fr_FR\" \/>\n<meta property=\"og:type\" content=\"article\" \/>\n<meta property=\"og:title\" content=\"\u00c9coutez bien : prot\u00e9ger son audition, c\u2019est aussi rester en bonne sant\u00e9 | Black &amp; McDonald Health\" \/>\n<meta property=\"og:description\" content=\"Lorsque nous pensons \u00e0 la sant\u00e9 physique, nous nous concentrons souvent sur l\u2019exercice, sur la nutrition et sur le sommeil. Mais il existe un autre \u00e9l\u00e9ment important \u2013 et souvent n\u00e9glig\u00e9 \u2013 de notre bien-\u00eatre\u00a0:\u00a0l\u2019audition.\" \/>\n<meta property=\"og:url\" content=\"https:\/\/blackandmcdonaldhealth.com\/fr\/ecoutez-bien-proteger-son-audition-cest-aussi-rester-en-bonne-sante\/\" \/>\n<meta property=\"og:site_name\" content=\"Black &amp; McDonald Health\" \/>\n<meta property=\"article:published_time\" content=\"2025-08-07T16:02:20+00:00\" \/>\n<meta property=\"article:modified_time\" content=\"2025-08-18T04:02:24+00:00\" \/>\n<meta property=\"og:image\" content=\"https:\/\/blackandmcdonaldhealth.com\/wp-content\/uploads\/2025\/08\/pexels-photo-3779448-3779448.jpg\" \/>\n\t<meta property=\"og:image:width\" content=\"940\" \/>\n\t<meta property=\"og:image:height\" content=\"571\" \/>\n\t<meta property=\"og:image:type\" content=\"image\/jpeg\" \/>\n<meta name=\"author\" content=\"Black and McDonald Health\" \/>\n<meta name=\"twitter:card\" content=\"summary_large_image\" \/>\n<meta name=\"twitter:label1\" content=\"Written by\" \/>\n\t<meta name=\"twitter:data1\" content=\"Black and McDonald Health\" \/>\n\t<meta name=\"twitter:label2\" content=\"Est. reading time\" \/>\n\t<meta name=\"twitter:data2\" content=\"2 minutes\" \/>\n<script type=\"application\/ld+json\" class=\"yoast-schema-graph\">{\"@context\":\"https:\\\/\\\/schema.org\",\"@graph\":[{\"@type\":\"Article\",\"@id\":\"https:\\\/\\\/blackandmcdonaldhealth.com\\\/fr\\\/ecoutez-bien-proteger-son-audition-cest-aussi-rester-en-bonne-sante\\\/#article\",\"isPartOf\":{\"@id\":\"https:\\\/\\\/blackandmcdonaldhealth.com\\\/fr\\\/ecoutez-bien-proteger-son-audition-cest-aussi-rester-en-bonne-sante\\\/\"},\"author\":{\"name\":\"Black and McDonald Health\",\"@id\":\"https:\\\/\\\/blackandmcdonaldhealth.com\\\/#\\\/schema\\\/person\\\/013bd7c48d3ff92abef4bdda7f294d9d\"},\"headline\":\"\u00c9coutez bien\u00a0: prot\u00e9ger son audition, c\u2019est aussi rester en bonne sant\u00e9\",\"datePublished\":\"2025-08-07T16:02:20+00:00\",\"dateModified\":\"2025-08-18T04:02:24+00:00\",\"mainEntityOfPage\":{\"@id\":\"https:\\\/\\\/blackandmcdonaldhealth.com\\\/fr\\\/ecoutez-bien-proteger-son-audition-cest-aussi-rester-en-bonne-sante\\\/\"},\"wordCount\":420,\"publisher\":{\"@id\":\"https:\\\/\\\/blackandmcdonaldhealth.com\\\/#organization\"},\"image\":{\"@id\":\"https:\\\/\\\/blackandmcdonaldhealth.com\\\/fr\\\/ecoutez-bien-proteger-son-audition-cest-aussi-rester-en-bonne-sante\\\/#primaryimage\"},\"thumbnailUrl\":\"https:\\\/\\\/blackandmcdonaldhealth.com\\\/wp-content\\\/uploads\\\/2025\\\/08\\\/pexels-photo-3779448-3779448.jpg\",\"articleSection\":[\"Sant\u00e9 physique\"],\"inLanguage\":\"fr-FR\"},{\"@type\":\"WebPage\",\"@id\":\"https:\\\/\\\/blackandmcdonaldhealth.com\\\/fr\\\/ecoutez-bien-proteger-son-audition-cest-aussi-rester-en-bonne-sante\\\/\",\"url\":\"https:\\\/\\\/blackandmcdonaldhealth.com\\\/fr\\\/ecoutez-bien-proteger-son-audition-cest-aussi-rester-en-bonne-sante\\\/\",\"name\":\"\u00c9coutez bien : prot\u00e9ger son audition, c\u2019est aussi rester en bonne sant\u00e9 | Black & McDonald Health\",\"isPartOf\":{\"@id\":\"https:\\\/\\\/blackandmcdonaldhealth.com\\\/#website\"},\"primaryImageOfPage\":{\"@id\":\"https:\\\/\\\/blackandmcdonaldhealth.com\\\/fr\\\/ecoutez-bien-proteger-son-audition-cest-aussi-rester-en-bonne-sante\\\/#primaryimage\"},\"image\":{\"@id\":\"https:\\\/\\\/blackandmcdonaldhealth.com\\\/fr\\\/ecoutez-bien-proteger-son-audition-cest-aussi-rester-en-bonne-sante\\\/#primaryimage\"},\"thumbnailUrl\":\"https:\\\/\\\/blackandmcdonaldhealth.com\\\/wp-content\\\/uploads\\\/2025\\\/08\\\/pexels-photo-3779448-3779448.jpg\",\"datePublished\":\"2025-08-07T16:02:20+00:00\",\"dateModified\":\"2025-08-18T04:02:24+00:00\",\"description\":\"Lorsque nous pensons \u00e0 la sant\u00e9 physique, nous nous concentrons souvent sur l\u2019exercice, sur la nutrition et sur le sommeil. Mais il existe un autre \u00e9l\u00e9ment important \u2013 et souvent n\u00e9glig\u00e9 \u2013 de notre bien-\u00eatre\u00a0:\u00a0l\u2019audition.\",\"breadcrumb\":{\"@id\":\"https:\\\/\\\/blackandmcdonaldhealth.com\\\/fr\\\/ecoutez-bien-proteger-son-audition-cest-aussi-rester-en-bonne-sante\\\/#breadcrumb\"},\"inLanguage\":\"fr-FR\",\"potentialAction\":[{\"@type\":\"ReadAction\",\"target\":[\"https:\\\/\\\/blackandmcdonaldhealth.com\\\/fr\\\/ecoutez-bien-proteger-son-audition-cest-aussi-rester-en-bonne-sante\\\/\"]}]},{\"@type\":\"ImageObject\",\"inLanguage\":\"fr-FR\",\"@id\":\"https:\\\/\\\/blackandmcdonaldhealth.com\\\/fr\\\/ecoutez-bien-proteger-son-audition-cest-aussi-rester-en-bonne-sante\\\/#primaryimage\",\"url\":\"https:\\\/\\\/blackandmcdonaldhealth.com\\\/wp-content\\\/uploads\\\/2025\\\/08\\\/pexels-photo-3779448-3779448.jpg\",\"contentUrl\":\"https:\\\/\\\/blackandmcdonaldhealth.com\\\/wp-content\\\/uploads\\\/2025\\\/08\\\/pexels-photo-3779448-3779448.jpg\",\"width\":940,\"height\":571},{\"@type\":\"BreadcrumbList\",\"@id\":\"https:\\\/\\\/blackandmcdonaldhealth.com\\\/fr\\\/ecoutez-bien-proteger-son-audition-cest-aussi-rester-en-bonne-sante\\\/#breadcrumb\",\"itemListElement\":[{\"@type\":\"ListItem\",\"position\":1,\"name\":\"Home\",\"item\":\"https:\\\/\\\/blackandmcdonaldhealth.com\\\/fr\\\/\"},{\"@type\":\"ListItem\",\"position\":2,\"name\":\"\u00c9coutez bien\u00a0: prot\u00e9ger son audition, c\u2019est aussi rester en bonne sant\u00e9\"}]},{\"@type\":\"WebSite\",\"@id\":\"https:\\\/\\\/blackandmcdonaldhealth.com\\\/#website\",\"url\":\"https:\\\/\\\/blackandmcdonaldhealth.com\\\/\",\"name\":\"Black &amp; McDonald Health\",\"description\":\"Black &amp; McDonald Wellness Hub\",\"publisher\":{\"@id\":\"https:\\\/\\\/blackandmcdonaldhealth.com\\\/#organization\"},\"potentialAction\":[{\"@type\":\"SearchAction\",\"target\":{\"@type\":\"EntryPoint\",\"urlTemplate\":\"https:\\\/\\\/blackandmcdonaldhealth.com\\\/?s={search_term_string}\"},\"query-input\":{\"@type\":\"PropertyValueSpecification\",\"valueRequired\":true,\"valueName\":\"search_term_string\"}}],\"inLanguage\":\"fr-FR\"},{\"@type\":\"Organization\",\"@id\":\"https:\\\/\\\/blackandmcdonaldhealth.com\\\/#organization\",\"name\":\"Black &amp; McDonald Health\",\"url\":\"https:\\\/\\\/blackandmcdonaldhealth.com\\\/\",\"logo\":{\"@type\":\"ImageObject\",\"inLanguage\":\"fr-FR\",\"@id\":\"https:\\\/\\\/blackandmcdonaldhealth.com\\\/#\\\/schema\\\/logo\\\/image\\\/\",\"url\":\"https:\\\/\\\/blackandmcdonaldhealth.com\\\/wp-content\\\/uploads\\\/2025\\\/05\\\/cropped-BlackandMcDonald_320x172_101dpi-1-1.jpg\",\"contentUrl\":\"https:\\\/\\\/blackandmcdonaldhealth.com\\\/wp-content\\\/uploads\\\/2025\\\/05\\\/cropped-BlackandMcDonald_320x172_101dpi-1-1.jpg\",\"width\":320,\"height\":171,\"caption\":\"Black &amp; McDonald Health\"},\"image\":{\"@id\":\"https:\\\/\\\/blackandmcdonaldhealth.com\\\/#\\\/schema\\\/logo\\\/image\\\/\"}},{\"@type\":\"Person\",\"@id\":\"https:\\\/\\\/blackandmcdonaldhealth.com\\\/#\\\/schema\\\/person\\\/013bd7c48d3ff92abef4bdda7f294d9d\",\"name\":\"Black and McDonald Health\",\"image\":{\"@type\":\"ImageObject\",\"inLanguage\":\"fr-FR\",\"@id\":\"https:\\\/\\\/secure.gravatar.com\\\/avatar\\\/d4f888cb7b338ca08c78b984fb7bea9803279b7ed4d526e5fd01d5d2aaa49e1f?s=96&d=mm&r=g\",\"url\":\"https:\\\/\\\/secure.gravatar.com\\\/avatar\\\/d4f888cb7b338ca08c78b984fb7bea9803279b7ed4d526e5fd01d5d2aaa49e1f?s=96&d=mm&r=g\",\"contentUrl\":\"https:\\\/\\\/secure.gravatar.com\\\/avatar\\\/d4f888cb7b338ca08c78b984fb7bea9803279b7ed4d526e5fd01d5d2aaa49e1f?s=96&d=mm&r=g\",\"caption\":\"Black and McDonald Health\"},\"url\":\"https:\\\/\\\/blackandmcdonaldhealth.com\\\/fr\\\/author\\\/black-and-mcdonald-health\\\/\"}]}<\/script>\n<!-- \/ Yoast SEO plugin. -->","yoast_head_json":{"title":"\u00c9coutez bien : prot\u00e9ger son audition, c\u2019est aussi rester en bonne sant\u00e9 | Black & McDonald Health","description":"Lorsque nous pensons \u00e0 la sant\u00e9 physique, nous nous concentrons souvent sur l\u2019exercice, sur la nutrition et sur le sommeil. Mais il existe un autre \u00e9l\u00e9ment important \u2013 et souvent n\u00e9glig\u00e9 \u2013 de notre bien-\u00eatre\u00a0:\u00a0l\u2019audition.","robots":{"index":"index","follow":"follow","max-snippet":"max-snippet:-1","max-image-preview":"max-image-preview:large","max-video-preview":"max-video-preview:-1"},"canonical":"https:\/\/blackandmcdonaldhealth.com\/fr\/ecoutez-bien-proteger-son-audition-cest-aussi-rester-en-bonne-sante\/","og_locale":"fr_FR","og_type":"article","og_title":"\u00c9coutez bien : prot\u00e9ger son audition, c\u2019est aussi rester en bonne sant\u00e9 | Black & McDonald Health","og_description":"Lorsque nous pensons \u00e0 la sant\u00e9 physique, nous nous concentrons souvent sur l\u2019exercice, sur la nutrition et sur le sommeil. Mais il existe un autre \u00e9l\u00e9ment important \u2013 et souvent n\u00e9glig\u00e9 \u2013 de notre bien-\u00eatre\u00a0:\u00a0l\u2019audition.","og_url":"https:\/\/blackandmcdonaldhealth.com\/fr\/ecoutez-bien-proteger-son-audition-cest-aussi-rester-en-bonne-sante\/","og_site_name":"Black &amp; McDonald Health","article_published_time":"2025-08-07T16:02:20+00:00","article_modified_time":"2025-08-18T04:02:24+00:00","og_image":[{"width":940,"height":571,"url":"https:\/\/blackandmcdonaldhealth.com\/wp-content\/uploads\/2025\/08\/pexels-photo-3779448-3779448.jpg","type":"image\/jpeg"}],"author":"Black and McDonald Health","twitter_card":"summary_large_image","twitter_misc":{"Written by":"Black and McDonald Health","Est. reading time":"2 minutes"},"schema":{"@context":"https:\/\/schema.org","@graph":[{"@type":"Article","@id":"https:\/\/blackandmcdonaldhealth.com\/fr\/ecoutez-bien-proteger-son-audition-cest-aussi-rester-en-bonne-sante\/#article","isPartOf":{"@id":"https:\/\/blackandmcdonaldhealth.com\/fr\/ecoutez-bien-proteger-son-audition-cest-aussi-rester-en-bonne-sante\/"},"author":{"name":"Black and McDonald Health","@id":"https:\/\/blackandmcdonaldhealth.com\/#\/schema\/person\/013bd7c48d3ff92abef4bdda7f294d9d"},"headline":"\u00c9coutez bien\u00a0: prot\u00e9ger son audition, c\u2019est aussi rester en bonne sant\u00e9","datePublished":"2025-08-07T16:02:20+00:00","dateModified":"2025-08-18T04:02:24+00:00","mainEntityOfPage":{"@id":"https:\/\/blackandmcdonaldhealth.com\/fr\/ecoutez-bien-proteger-son-audition-cest-aussi-rester-en-bonne-sante\/"},"wordCount":420,"publisher":{"@id":"https:\/\/blackandmcdonaldhealth.com\/#organization"},"image":{"@id":"https:\/\/blackandmcdonaldhealth.com\/fr\/ecoutez-bien-proteger-son-audition-cest-aussi-rester-en-bonne-sante\/#primaryimage"},"thumbnailUrl":"https:\/\/blackandmcdonaldhealth.com\/wp-content\/uploads\/2025\/08\/pexels-photo-3779448-3779448.jpg","articleSection":["Sant\u00e9 physique"],"inLanguage":"fr-FR"},{"@type":"WebPage","@id":"https:\/\/blackandmcdonaldhealth.com\/fr\/ecoutez-bien-proteger-son-audition-cest-aussi-rester-en-bonne-sante\/","url":"https:\/\/blackandmcdonaldhealth.com\/fr\/ecoutez-bien-proteger-son-audition-cest-aussi-rester-en-bonne-sante\/","name":"\u00c9coutez bien : prot\u00e9ger son audition, c\u2019est aussi rester en bonne sant\u00e9 | Black & McDonald Health","isPartOf":{"@id":"https:\/\/blackandmcdonaldhealth.com\/#website"},"primaryImageOfPage":{"@id":"https:\/\/blackandmcdonaldhealth.com\/fr\/ecoutez-bien-proteger-son-audition-cest-aussi-rester-en-bonne-sante\/#primaryimage"},"image":{"@id":"https:\/\/blackandmcdonaldhealth.com\/fr\/ecoutez-bien-proteger-son-audition-cest-aussi-rester-en-bonne-sante\/#primaryimage"},"thumbnailUrl":"https:\/\/blackandmcdonaldhealth.com\/wp-content\/uploads\/2025\/08\/pexels-photo-3779448-3779448.jpg","datePublished":"2025-08-07T16:02:20+00:00","dateModified":"2025-08-18T04:02:24+00:00","description":"Lorsque nous pensons \u00e0 la sant\u00e9 physique, nous nous concentrons souvent sur l\u2019exercice, sur la nutrition et sur le sommeil. Mais il existe un autre \u00e9l\u00e9ment important \u2013 et souvent n\u00e9glig\u00e9 \u2013 de notre bien-\u00eatre\u00a0:\u00a0l\u2019audition.","breadcrumb":{"@id":"https:\/\/blackandmcdonaldhealth.com\/fr\/ecoutez-bien-proteger-son-audition-cest-aussi-rester-en-bonne-sante\/#breadcrumb"},"inLanguage":"fr-FR","potentialAction":[{"@type":"ReadAction","target":["https:\/\/blackandmcdonaldhealth.com\/fr\/ecoutez-bien-proteger-son-audition-cest-aussi-rester-en-bonne-sante\/"]}]},{"@type":"ImageObject","inLanguage":"fr-FR","@id":"https:\/\/blackandmcdonaldhealth.com\/fr\/ecoutez-bien-proteger-son-audition-cest-aussi-rester-en-bonne-sante\/#primaryimage","url":"https:\/\/blackandmcdonaldhealth.com\/wp-content\/uploads\/2025\/08\/pexels-photo-3779448-3779448.jpg","contentUrl":"https:\/\/blackandmcdonaldhealth.com\/wp-content\/uploads\/2025\/08\/pexels-photo-3779448-3779448.jpg","width":940,"height":571},{"@type":"BreadcrumbList","@id":"https:\/\/blackandmcdonaldhealth.com\/fr\/ecoutez-bien-proteger-son-audition-cest-aussi-rester-en-bonne-sante\/#breadcrumb","itemListElement":[{"@type":"ListItem","position":1,"name":"Home","item":"https:\/\/blackandmcdonaldhealth.com\/fr\/"},{"@type":"ListItem","position":2,"name":"\u00c9coutez bien\u00a0: prot\u00e9ger son audition, c\u2019est aussi rester en bonne sant\u00e9"}]},{"@type":"WebSite","@id":"https:\/\/blackandmcdonaldhealth.com\/#website","url":"https:\/\/blackandmcdonaldhealth.com\/","name":"Black &amp; McDonald Health","description":"Black &amp; McDonald Wellness Hub","publisher":{"@id":"https:\/\/blackandmcdonaldhealth.com\/#organization"},"potentialAction":[{"@type":"SearchAction","target":{"@type":"EntryPoint","urlTemplate":"https:\/\/blackandmcdonaldhealth.com\/?s={search_term_string}"},"query-input":{"@type":"PropertyValueSpecification","valueRequired":true,"valueName":"search_term_string"}}],"inLanguage":"fr-FR"},{"@type":"Organization","@id":"https:\/\/blackandmcdonaldhealth.com\/#organization","name":"Black &amp; McDonald Health","url":"https:\/\/blackandmcdonaldhealth.com\/","logo":{"@type":"ImageObject","inLanguage":"fr-FR","@id":"https:\/\/blackandmcdonaldhealth.com\/#\/schema\/logo\/image\/","url":"https:\/\/blackandmcdonaldhealth.com\/wp-content\/uploads\/2025\/05\/cropped-BlackandMcDonald_320x172_101dpi-1-1.jpg","contentUrl":"https:\/\/blackandmcdonaldhealth.com\/wp-content\/uploads\/2025\/05\/cropped-BlackandMcDonald_320x172_101dpi-1-1.jpg","width":320,"height":171,"caption":"Black &amp; McDonald Health"},"image":{"@id":"https:\/\/blackandmcdonaldhealth.com\/#\/schema\/logo\/image\/"}},{"@type":"Person","@id":"https:\/\/blackandmcdonaldhealth.com\/#\/schema\/person\/013bd7c48d3ff92abef4bdda7f294d9d","name":"Black and McDonald Health","image":{"@type":"ImageObject","inLanguage":"fr-FR","@id":"https:\/\/secure.gravatar.com\/avatar\/d4f888cb7b338ca08c78b984fb7bea9803279b7ed4d526e5fd01d5d2aaa49e1f?s=96&d=mm&r=g","url":"https:\/\/secure.gravatar.com\/avatar\/d4f888cb7b338ca08c78b984fb7bea9803279b7ed4d526e5fd01d5d2aaa49e1f?s=96&d=mm&r=g","contentUrl":"https:\/\/secure.gravatar.com\/avatar\/d4f888cb7b338ca08c78b984fb7bea9803279b7ed4d526e5fd01d5d2aaa49e1f?s=96&d=mm&r=g","caption":"Black and McDonald Health"},"url":"https:\/\/blackandmcdonaldhealth.com\/fr\/author\/black-and-mcdonald-health\/"}]}},"featured_image_src":"https:\/\/blackandmcdonaldhealth.com\/wp-content\/uploads\/2025\/08\/pexels-photo-3779448-3779448-600x400.jpg","featured_image_src_square":"https:\/\/blackandmcdonaldhealth.com\/wp-content\/uploads\/2025\/08\/pexels-photo-3779448-3779448-600x571.jpg","author_info":{"display_name":"Black and McDonald Health","author_link":"https:\/\/blackandmcdonaldhealth.com\/fr\/author\/black-and-mcdonald-health\/"},"_links":{"self":[{"href":"https:\/\/blackandmcdonaldhealth.com\/fr\/wp-json\/wp\/v2\/posts\/1464","targetHints":{"allow":["GET"]}}],"collection":[{"href":"https:\/\/blackandmcdonaldhealth.com\/fr\/wp-json\/wp\/v2\/posts"}],"about":[{"href":"https:\/\/blackandmcdonaldhealth.com\/fr\/wp-json\/wp\/v2\/types\/post"}],"author":[{"embeddable":true,"href":"https:\/\/blackandmcdonaldhealth.com\/fr\/wp-json\/wp\/v2\/users\/4"}],"replies":[{"embeddable":true,"href":"https:\/\/blackandmcdonaldhealth.com\/fr\/wp-json\/wp\/v2\/comments?post=1464"}],"version-history":[{"count":0,"href":"https:\/\/blackandmcdonaldhealth.com\/fr\/wp-json\/wp\/v2\/posts\/1464\/revisions"}],"wp:featuredmedia":[{"embeddable":true,"href":"https:\/\/blackandmcdonaldhealth.com\/fr\/wp-json\/wp\/v2\/media\/1378"}],"wp:attachment":[{"href":"https:\/\/blackandmcdonaldhealth.com\/fr\/wp-json\/wp\/v2\/media?parent=1464"}],"wp:term":[{"taxonomy":"category","embeddable":true,"href":"https:\/\/blackandmcdonaldhealth.com\/fr\/wp-json\/wp\/v2\/categories?post=1464"},{"taxonomy":"post_tag","embeddable":true,"href":"https:\/\/blackandmcdonaldhealth.com\/fr\/wp-json\/wp\/v2\/tags?post=1464"}],"curies":[{"name":"wp","href":"https:\/\/api.w.org\/{rel}","templated":true}]}}